{"id":500,"date":"2024-05-20T03:09:03","date_gmt":"2024-05-20T03:09:03","guid":{"rendered":"https:\/\/campusvirtual.net\/escritos\/?p=500"},"modified":"2024-06-20T22:28:44","modified_gmt":"2024-06-20T22:28:44","slug":"seminario-derechos-fundamentales-ia","status":"publish","type":"post","link":"https:\/\/campusvirtual.net\/escritos\/2024\/05\/20\/seminario-derechos-fundamentales-ia\/","title":{"rendered":"Seminario sobre Derechos Fundamentales e Inteligencia Artificial. Madrid 17 mayo 2024"},"content":{"rendered":"<p><img loading=\"lazy\" decoding=\"async\" class=\"aligncenter wp-image-503\" src=\"https:\/\/campusvirtual.net\/escritos\/wp-content\/uploads\/2024\/05\/seminario-uned.png\" alt=\"\" width=\"444\" height=\"192\" srcset=\"https:\/\/campusvirtual.net\/escritos\/wp-content\/uploads\/2024\/05\/seminario-uned.png 587w, https:\/\/campusvirtual.net\/escritos\/wp-content\/uploads\/2024\/05\/seminario-uned-300x130.png 300w\" sizes=\"auto, (max-width: 444px) 100vw, 444px\" \/><\/p>\n<p style=\"text-align: center;\"><strong>Seminario sobre Derechos Fundamentales e Inteligencia Artificial<\/strong><\/p>\n<p style=\"text-align: center;\">Organizado por el M\u00e1ster en Derechos Fundamentales de la UNED<\/p>\n<p style=\"text-align: center;\">Madrid, 17 de mayo de 2024<\/p>\n<hr \/>\n<p style=\"text-align: left;\"><strong>INAUGURACI\u00d3N<\/strong><\/p>\n<p><span class=\"person\"><strong>Sonia Calaza L\u00f3pez\u00a0<\/strong><\/span><small>catedr\u00e1tica de Derecho Procesal, UNED<\/small><\/p>\n<p><span class=\"person\"><strong>Salvador P\u00e9rez \u00c1lvarez\u00a0<\/strong><\/span><small>Coordinador del M\u00e1ster Universitario en Derechos Fundamentales de la UNED<\/small><\/p>\n<p style=\"text-align: center;\"><iframe loading=\"lazy\" id=\"pumukitiframe\" src=\"https:\/\/canal.uned.es\/iframe\/664b0a21a35b6259c54001f2\" width=\"560\" height=\"315\" frameborder=\"0\" allowfullscreen=\"allowfullscreen\"><\/iframe><\/p>\n<p>&nbsp;<\/p>\n<p>&nbsp;<\/p>\n<hr \/>\n<p><strong>LA INTELIGENCIA ARTIFICIAL Y LOS DERECHOS DE LA CIUDADAN\u00cdA EN SUS RELACIONES CON LA ADMINISTRACI\u00d3N: UNA TEOR\u00cdA DEL CONTROL<\/strong><\/p>\n<p><span class=\"person\"><strong>Susana de la Sierra\u00a0<\/strong><\/span><small>UCLM<\/small><\/p>\n<p><span class=\"person\"><strong>Carlos Vidal Prado\u00a0<\/strong><\/span><small>catedr\u00e1tico de Derecho Constitucional y director del Departamento de Derecho Constitucional, UNED<\/small><\/p>\n<p style=\"text-align: center;\"><iframe loading=\"lazy\" id=\"pumukitiframe\" src=\"https:\/\/canal.uned.es\/iframe\/664b0ad3a35b6259f76477d2\" width=\"560\" height=\"315\" frameborder=\"0\" allowfullscreen=\"allowfullscreen\"><\/iframe><\/p>\n<p>&nbsp;<\/p>\n<p>&nbsp;<\/p>\n<hr \/>\n<p style=\"text-align: left;\"><strong>SISTEMA DEMOCR\u00c1TICO E INTELIGENCIA ARTIFICIAL<\/strong><\/p>\n<p><span class=\"person\"><strong>Patricia Garc\u00eda Majado\u00a0<\/strong><\/span><small>Universidad de Oviedo<\/small><\/p>\n<p><span class=\"person\"><strong>Javier Sierra Rodr\u00edguez\u00a0<\/strong><\/span><small>profesor de Derecho Constitucional, UNED<\/small><\/p>\n<p style=\"text-align: center;\"><iframe loading=\"lazy\" id=\"pumukitiframe\" src=\"https:\/\/canal.uned.es\/iframe\/664b0baba35b625a3104cec2\" width=\"560\" height=\"315\" frameborder=\"0\" allowfullscreen=\"allowfullscreen\"><\/iframe><\/p>\n<p>&nbsp;<\/p>\n<p>&nbsp;<\/p>\n<hr \/>\n<p style=\"text-align: left;\"><strong>DERECHO Y \u00c9TICA (S) DE LA IA<\/strong><\/p>\n<p><span class=\"person\"><strong>Fernando Llano Alonso\u00a0<\/strong><\/span><small>profesor titular de Filosof\u00eda del Derecho, Universidad de Sevilla<\/small><\/p>\n<p><span class=\"person\"><strong>Ana Mar\u00eda Marcos del Cano\u00a0<\/strong><\/span><small>catedr\u00e1tica de Filosof\u00eda del Derecho, UNED<\/small><\/p>\n<p>&nbsp;<\/p>\n<p style=\"text-align: center;\"><iframe loading=\"lazy\" id=\"pumukitiframe\" src=\"https:\/\/canal.uned.es\/iframe\/664b0e70a35b625ac0737062\" width=\"560\" height=\"315\" frameborder=\"0\" allowfullscreen=\"allowfullscreen\"><\/iframe><\/p>\n<p>&nbsp;<\/p>\n<hr \/>\n<p><strong>INTELIGENCIA ARTIFICIAL \u00bfUNA TREMENDA AMENAZA PARA LOS DERECHOS PROCESALES O UNA GRAN OPORTUNIDAD PARA REAFIRMARLOS?<\/strong><\/p>\n<p><span class=\"person\"><strong>Jordi Nieva Fenoll\u00a0<\/strong><\/span><small>catedr\u00e1tico de Derecho procesal (Barcelona)<\/small><\/p>\n<p style=\"text-align: left;\"><span class=\"person\"><strong>Sonia Calaza L\u00f3pez\u00a0<\/strong><\/span><small>catedr\u00e1tica de Derecho Procesal, UNED<\/small><\/p>\n<p style=\"text-align: center;\"><iframe loading=\"lazy\" id=\"pumukitiframe\" src=\"https:\/\/canal.uned.es\/iframe\/664b0c77a35b625a586e18d2\" width=\"560\" height=\"315\" frameborder=\"0\" allowfullscreen=\"allowfullscreen\"><\/iframe><\/p>\n<p>&nbsp;<\/p>\n<hr \/>\n<p><strong>PROTECCI\u00d3N DE DATOS E INTELIGENCIA ARTIFICIAL<\/strong><\/p>\n<p><span class=\"person\"><strong>M Cristina Kh\u00f6ler Garc\u00eda\u00a0<\/strong><\/span><small>Senior Consultant , KPMG<\/small><\/p>\n<p><span class=\"person\"><strong>Salvador P\u00e9rez \u00c1lvarez\u00a0<\/strong><\/span><small>Coordinador del M\u00e1ster Universitario en Derechos Fundamentales de la UNED<\/small><\/p>\n<p style=\"text-align: center;\"><iframe loading=\"lazy\" id=\"pumukitiframe\" src=\"https:\/\/canal.uned.es\/iframe\/664b0d7fa35b625a8b791ab2\" width=\"560\" height=\"315\" frameborder=\"0\" allowfullscreen=\"allowfullscreen\"><\/iframe><\/p>\n<p>&nbsp;<\/p>\n<hr \/>\n<p><strong>CLAUSURA<\/strong><\/p>\n<p><span class=\"person\"><strong>Salvador P\u00e9rez \u00c1lvarez\u00a0<\/strong><\/span><small>Coordinador del M\u00e1ster Universitario en Derechos Fundamentales de la UNED<\/small><\/p>\n<p style=\"text-align: center;\"><iframe loading=\"lazy\" id=\"pumukitiframe\" src=\"https:\/\/canal.uned.es\/iframe\/664b0dcda35b625a916bab68\" width=\"560\" height=\"315\" frameborder=\"0\" allowfullscreen=\"allowfullscreen\"><\/iframe><\/p>\n<hr \/>\n<section class=\"elementor-section elementor-top-section elementor-element elementor-element-1ff4803 elementor-section-boxed elementor-section-height-default elementor-section-height-default\" data-id=\"1ff4803\" data-element_type=\"section\">\n<div class=\"elementor-container elementor-column-gap-default\">\n<div class=\"elementor-row\">\n<div class=\"elementor-column elementor-col-100 elementor-top-column elementor-element elementor-element-9dcc855\" data-id=\"9dcc855\" data-element_type=\"column\">\n<div class=\"elementor-column-wrap elementor-element-populated\">\n<div class=\"elementor-widget-wrap\">\n<div class=\"elementor-element elementor-element-1991ed0 elementor-widget elementor-widget-text-editor\" data-id=\"1991ed0\" data-element_type=\"widget\" data-widget_type=\"text-editor.default\">\n<div class=\"elementor-widget-container\">\n<div class=\"elementor-text-editor elementor-clearfix\">\n<h3><strong>PROGRAMA <\/strong><\/h3>\n<h3><strong>17 DE MAYO 2024\u00a0<\/strong><\/h3>\n<p>MA\u00d1ANA:<\/p>\n<p><strong>10:30 h. Apertura<\/strong><\/p>\n<ul>\n<li>Justo Lisandro Corti Varela. Vicedecano de Calidad e Innovaci\u00f3n docente de la Facultad de Derecho de la UNED<\/li>\n<li>Sonia Calaza L\u00f3pez. IP del Proyecto \u201cTransici\u00f3n Digital de la Justicia\u201d<\/li>\n<li>Salvador P\u00e9rez \u00c1lvarez. Coordinador del M\u00e1ster Universitario en Derechos Fundamentales de la UNED<\/li>\n<\/ul>\n<p><strong>11:00 h. La inteligencia artificial y los derechos de la ciudadan\u00eda en sus relaciones con la Administraci\u00f3n: una teor\u00eda del control<\/strong><\/p>\n<ul>\n<li>Ponente: Susana de la Sierra. UCLM<\/li>\n<li>Modera: Carlos Vidal Prado. UNED<\/li>\n<\/ul>\n<p><strong>12:00 h. Sistema democr\u00e1tico e inteligencia artificial<\/strong><\/p>\n<p>Ponente: Patricia Garc\u00eda Majado. Universidad de Oviedo.<\/p>\n<p>Modera: Javier Sierra-Rodr\u00edguez.\u00a0<em>\u00a0<\/em>UNED<\/p>\n<p>&nbsp;<\/p>\n<p><strong>13:00 h. \u00a0\u00abDerecho y \u00c9tica (s) de la IA\u00bb<\/strong><\/p>\n<ul>\n<li>Ponente: Fernando Llano\u00a0 Universidad de Sevilla.<\/li>\n<li>Modera: Ana M Marcos del Cano. UNED<\/li>\n<\/ul>\n<p>14:00 \u2013 16:00 Almuerzo<\/p>\n<p>TARDE:<\/p>\n<p>&nbsp;<\/p>\n<p><strong>16:00 h. Inteligencia artificial \u00bfUna tremenda amenaza para los derechos procesales o una gran oportunidad para reafirmarlos?<\/strong><\/p>\n<ul>\n<li>Ponente: Jordi Nieva-Fenoll. Universidad de Barcelona.<\/li>\n<li>Modera: Sonia Calaza L\u00f3pez. UNED<\/li>\n<\/ul>\n<p><strong>17:00 h. Protecci\u00f3n de datos e inteligencia artificial.<\/strong><\/p>\n<ul>\n<li>Ponente: M Cristina Kh\u00f6ler Garc\u00eda. Senior Consultant de KPMG.<\/li>\n<li>Modera: Salvador P\u00e9rez \u00c1lvarez. UNED<\/li>\n<\/ul>\n<p><strong>18:00 h. Clausura<\/strong><\/p>\n<\/div>\n<\/div>\n<\/div>\n<\/div>\n<\/div>\n<\/div>\n<\/div>\n<\/div>\n<\/section>\n<section class=\"elementor-section elementor-top-section elementor-element elementor-element-f664e39 elementor-section-boxed elementor-section-height-default elementor-section-height-default\" data-id=\"f664e39\" data-element_type=\"section\">\n<div class=\"elementor-container elementor-column-gap-default\">\n<div class=\"elementor-row\">\n<div class=\"elementor-column elementor-col-100 elementor-top-column elementor-element elementor-element-7a40f9d\" data-id=\"7a40f9d\" data-element_type=\"column\">\n<div class=\"elementor-column-wrap elementor-element-populated\">\n<div class=\"elementor-widget-wrap\">\n<div class=\"elementor-element elementor-element-7c76207 elementor-widget elementor-widget-text-editor\" data-id=\"7c76207\" data-element_type=\"widget\" data-widget_type=\"text-editor.default\">\n<div class=\"elementor-widget-container\">\n<div class=\"elementor-text-editor elementor-clearfix\">\n<p>&nbsp;<\/p>\n<\/div>\n<\/div>\n<\/div>\n<\/div>\n<\/div>\n<\/div>\n<\/div>\n<\/div>\n<\/section>\n<p>&nbsp;<\/p>\n","protected":false},"excerpt":{"rendered":"<p>Seminario sobre Derechos Fundamentales e Inteligencia Artificial Organizado por el M\u00e1ster en Derechos Fundamentales de la UNED Madrid, 17 de mayo de 2024 INAUGURACI\u00d3N Sonia Calaza L\u00f3pez\u00a0catedr\u00e1tica de Derecho Procesal, UNED Salvador P\u00e9rez \u00c1lvarez\u00a0Coordinador del M\u00e1ster Universitario en Derechos Fundamentales de la&hellip;<span class=\"read-more\"><a href=\"https:\/\/campusvirtual.net\/escritos\/2024\/05\/20\/seminario-derechos-fundamentales-ia\/\">Read More &raquo;<\/a><\/span><\/p>\n","protected":false},"author":2,"featured_media":505,"comment_status":"closed","ping_status":"closed","sticky":false,"template":"","format":"standard","meta":{"footnotes":""},"categories":[31],"tags":[],"class_list":["post-500","post","type-post","status-publish","format-standard","has-post-thumbnail","hentry","category-ia-eventos"],"_links":{"self":[{"href":"https:\/\/campusvirtual.net\/escritos\/wp-json\/wp\/v2\/posts\/500","targetHints":{"allow":["GET"]}}],"collection":[{"href":"https:\/\/campusvirtual.net\/escritos\/wp-json\/wp\/v2\/posts"}],"about":[{"href":"https:\/\/campusvirtual.net\/escritos\/wp-json\/wp\/v2\/types\/post"}],"author":[{"embeddable":true,"href":"https:\/\/campusvirtual.net\/escritos\/wp-json\/wp\/v2\/users\/2"}],"replies":[{"embeddable":true,"href":"https:\/\/campusvirtual.net\/escritos\/wp-json\/wp\/v2\/comments?post=500"}],"version-history":[{"count":3,"href":"https:\/\/campusvirtual.net\/escritos\/wp-json\/wp\/v2\/posts\/500\/revisions"}],"predecessor-version":[{"id":504,"href":"https:\/\/campusvirtual.net\/escritos\/wp-json\/wp\/v2\/posts\/500\/revisions\/504"}],"wp:featuredmedia":[{"embeddable":true,"href":"https:\/\/campusvirtual.net\/escritos\/wp-json\/wp\/v2\/media\/505"}],"wp:attachment":[{"href":"https:\/\/campusvirtual.net\/escritos\/wp-json\/wp\/v2\/media?parent=500"}],"wp:term":[{"taxonomy":"category","embeddable":true,"href":"https:\/\/campusvirtual.net\/escritos\/wp-json\/wp\/v2\/categories?post=500"},{"taxonomy":"post_tag","embeddable":true,"href":"https:\/\/campusvirtual.net\/escritos\/wp-json\/wp\/v2\/tags?post=500"}],"curies":[{"name":"wp","href":"https:\/\/api.w.org\/{rel}","templated":true}]}}